{"id":4605,"date":"2025-11-26T15:24:11","date_gmt":"2025-11-26T14:24:11","guid":{"rendered":"https:\/\/www.landesbasketball.org\/?p=4605"},"modified":"2025-11-26T15:24:31","modified_gmt":"2025-11-26T14:24:31","slug":"un-landais-en-elite-2","status":"publish","type":"post","link":"https:\/\/www.landesbasketball.org\/index.php\/2025\/11\/26\/un-landais-en-elite-2\/","title":{"rendered":"UN LANDAIS DE PLUS EN ELITE 2"},"content":{"rendered":"\n<p>C&rsquo;\u00e9tait Vendredi dernier \u00e0 l&rsquo;occasion de la 12\u00e8me journ\u00e9e du championnat d&rsquo;ELITE 2. Sur le parquer de Quimper, le Landais <strong>YOHAN RENOU,<\/strong> 18 ans (G\u00e9n\u00e9ration 2007 form\u00e9 \u00e0 Labenne et \u00e0 l&rsquo;Adour Dax Landes Basket) a disput\u00e9 ses 1\u00e8res minutes en professionnel sous le maillot breton. Son \u00e9quipe de Quimper l&rsquo;a emport\u00e9 83-64 face \u00e0 Challans. <\/p>\n\n\n\n<p>Apr\u00e8s S\u00e9bastien Cape \u00e9voluant \u00e0 Saint-Chamond\/Andr\u00e9zieux cette saison et bien install\u00e9 \u00e0 ce niveau, c&rsquo;est un nouveau Landais qui d\u00e9couvre l&rsquo;ELITE 2.<\/p>\n\n\n\n<p>Bravo pour ces d\u00e9buts.<\/p>\n\n\n\n<p><strong>SUERTE POUR LA SUITE YOHAN. LE BASKET LANDAIS ET FIER DE TOI \u00ab\u00a0PETIT\u00a0\u00bb.<\/strong><\/p>\n\n\n\n<figure class=\"wp-block-image size-large\"><img fetchpriority=\"high\" decoding=\"async\" width=\"1024\" height=\"1024\" src=\"https:\/\/www.landesbasketball.org\/wp-content\/uploads\/2025\/11\/1-12-1024x1024.png\" alt=\"\" class=\"wp-image-4606\" srcset=\"https:\/\/www.landesbasketball.org\/wp-content\/uploads\/2025\/11\/1-12-1024x1024.png 1024w, https:\/\/www.landesbasketball.org\/wp-content\/uploads\/2025\/11\/1-12-300x300.png 300w, https:\/\/www.landesbasketball.org\/wp-content\/uploads\/2025\/11\/1-12-150x150.png 150w, https:\/\/www.landesbasketball.org\/wp-content\/uploads\/2025\/11\/1-12-768x768.png 768w, https:\/\/www.landesbasketball.org\/wp-content\/uploads\/2025\/11\/1-12.png 1080w\" sizes=\"(max-width: 1024px) 100vw, 1024px\" \/><\/figure>\n\n\n\n<figure class=\"wp-block-image size-large\"><img decoding=\"async\" width=\"1024\" height=\"1024\" src=\"https:\/\/www.landesbasketball.org\/wp-content\/uploads\/2025\/11\/2-12-1024x1024.png\" alt=\"\" class=\"wp-image-4607\" srcset=\"https:\/\/www.landesbasketball.org\/wp-content\/uploads\/2025\/11\/2-12-1024x1024.png 1024w, https:\/\/www.landesbasketball.org\/wp-content\/uploads\/2025\/11\/2-12-300x300.png 300w, https:\/\/www.landesbasketball.org\/wp-content\/uploads\/2025\/11\/2-12-150x150.png 150w, https:\/\/www.landesbasketball.org\/wp-content\/uploads\/2025\/11\/2-12-768x768.png 768w, https:\/\/www.landesbasketball.org\/wp-content\/uploads\/2025\/11\/2-12.png 1080w\" sizes=\"(max-width: 1024px) 100vw, 1024px\" \/><\/figure>\n\n\n\n<figure class=\"wp-block-image size-large\"><img decoding=\"async\" width=\"1024\" height=\"1024\" src=\"https:\/\/www.landesbasketball.org\/wp-content\/uploads\/2025\/11\/3-8-1024x1024.png\" alt=\"\" class=\"wp-image-4608\" srcset=\"https:\/\/www.landesbasketball.org\/wp-content\/uploads\/2025\/11\/3-8-1024x1024.png 1024w, https:\/\/www.landesbasketball.org\/wp-content\/uploads\/2025\/11\/3-8-300x300.png 300w, https:\/\/www.landesbasketball.org\/wp-content\/uploads\/2025\/11\/3-8-150x150.png 150w, https:\/\/www.landesbasketball.org\/wp-content\/uploads\/2025\/11\/3-8-768x768.png 768w, https:\/\/www.landesbasketball.org\/wp-content\/uploads\/2025\/11\/3-8.png 1080w\" sizes=\"(max-width: 1024px) 100vw, 1024px\" \/><\/figure>\n\n\n\n<figure class=\"wp-block-image size-large\"><img loading=\"lazy\" decoding=\"async\" width=\"1024\" height=\"1024\" src=\"https:\/\/www.landesbasketball.org\/wp-content\/uploads\/2025\/11\/4-8-1024x1024.png\" alt=\"\" class=\"wp-image-4609\" srcset=\"https:\/\/www.landesbasketball.org\/wp-content\/uploads\/2025\/11\/4-8-1024x1024.png 1024w, https:\/\/www.landesbasketball.org\/wp-content\/uploads\/2025\/11\/4-8-300x300.png 300w, https:\/\/www.landesbasketball.org\/wp-content\/uploads\/2025\/11\/4-8-150x150.png 150w, https:\/\/www.landesbasketball.org\/wp-content\/uploads\/2025\/11\/4-8-768x768.png 768w, https:\/\/www.landesbasketball.org\/wp-content\/uploads\/2025\/11\/4-8.png 1080w\" sizes=\"(max-width: 1024px) 100vw, 1024px\" \/><\/figure>\n","protected":false},"excerpt":{"rendered":"<p>C&rsquo;\u00e9tait Vendredi dernier \u00e0 l&rsquo;occasion de la 12\u00e8me journ\u00e9e du championnat d&rsquo;ELITE 2. Sur le parquer de Quimper, le Landais YOHAN RENOU, 18 ans (G\u00e9n\u00e9ration 2007 form\u00e9 \u00e0 Labenne et \u00e0 l&rsquo;Adour Dax Landes Basket) a disput\u00e9 ses 1\u00e8res minutes en professionnel sous le maillot breton. Son \u00e9quipe de Quimper l&rsquo;a emport\u00e9 83-64 face \u00e0<a class=\"moretag\" href=\"https:\/\/www.landesbasketball.org\/index.php\/2025\/11\/26\/un-landais-en-elite-2\/\"><span class=\"screen-reader-text\">En savoir plus surUN LANDAIS DE PLUS EN ELITE 2<\/span>[&#8230;]<\/a><\/p>\n","protected":false},"author":4,"featured_media":4607,"comment_status":"closed","ping_status":"closed","sticky":false,"template":"","format":"standard","meta":{"footnotes":""},"categories":[1],"tags":[],"class_list":["post-4605","post","type-post","status-publish","format-standard","has-post-thumbnail","hentry","category-non-classe"],"_links":{"self":[{"href":"https:\/\/www.landesbasketball.org\/index.php\/wp-json\/wp\/v2\/posts\/4605","targetHints":{"allow":["GET"]}}],"collection":[{"href":"https:\/\/www.landesbasketball.org\/index.php\/wp-json\/wp\/v2\/posts"}],"about":[{"href":"https:\/\/www.landesbasketball.org\/index.php\/wp-json\/wp\/v2\/types\/post"}],"author":[{"embeddable":true,"href":"https:\/\/www.landesbasketball.org\/index.php\/wp-json\/wp\/v2\/users\/4"}],"replies":[{"embeddable":true,"href":"https:\/\/www.landesbasketball.org\/index.php\/wp-json\/wp\/v2\/comments?post=4605"}],"version-history":[{"count":2,"href":"https:\/\/www.landesbasketball.org\/index.php\/wp-json\/wp\/v2\/posts\/4605\/revisions"}],"predecessor-version":[{"id":4611,"href":"https:\/\/www.landesbasketball.org\/index.php\/wp-json\/wp\/v2\/posts\/4605\/revisions\/4611"}],"wp:featuredmedia":[{"embeddable":true,"href":"https:\/\/www.landesbasketball.org\/index.php\/wp-json\/wp\/v2\/media\/4607"}],"wp:attachment":[{"href":"https:\/\/www.landesbasketball.org\/index.php\/wp-json\/wp\/v2\/media?parent=4605"}],"wp:term":[{"taxonomy":"category","embeddable":true,"href":"https:\/\/www.landesbasketball.org\/index.php\/wp-json\/wp\/v2\/categories?post=4605"},{"taxonomy":"post_tag","embeddable":true,"href":"https:\/\/www.landesbasketball.org\/index.php\/wp-json\/wp\/v2\/tags?post=4605"}],"curies":[{"name":"wp","href":"https:\/\/api.w.org\/{rel}","templated":true}]}}