{"id":4780,"date":"2026-01-06T11:32:14","date_gmt":"2026-01-06T10:32:14","guid":{"rendered":"https:\/\/www.landesbasketball.org\/?p=4780"},"modified":"2026-01-06T11:34:16","modified_gmt":"2026-01-06T10:34:16","slug":"basket-club-40-saison-8-episode-4","status":"publish","type":"post","link":"https:\/\/www.landesbasketball.org\/index.php\/2026\/01\/06\/basket-club-40-saison-8-episode-4\/","title":{"rendered":"BASKET CLUB 40 &#8211; SAISON 8 &#8211; EPISODE 4"},"content":{"rendered":"\n<p>C&rsquo;est ce <strong>lundi 5 janvier<\/strong> en direct depuis les hauteurs de Banos d\u00e8s 19h00 sur radio MdM!<br>Autour de <strong>Fran\u00e7ois D\u00e9part alios \u00ab\u00a0Jeanot<\/strong>\u00a0\u00bb (Radio MdM) et de <strong>Florian Lafargue<\/strong> (Comit\u00e9 des Landes) et tous leur invit\u00e9s, retrouvez l&rsquo;actualit\u00e9 du Basket Landais de 19h00 \u00e0 20h30 en direct sur les ondes de radio MdM chaque 1er lundi du mois ! <\/p>\n\n\n\n<p>Pour ce lundi 5 janvier, voici le programme complet qui vous est propos\u00e9 : <\/p>\n\n\n\n<ol class=\"wp-block-list\">\n<li><strong><em>FOCUS EXPAT<\/em><\/strong>&lsquo; : Direction le d\u00e9partement de la Loire pour prendre des nouvelles de <strong>SEBASTIEN CAPE<\/strong>. Evoluant depuis cette saison \u00e0 Saint-Chamond-Andrezieux en Elite 2, le Landais de 32 ans nous raconteras son quotidien, ses objectifs, la 1\u00e8re partie de saison sous ses couleurs, son nouvel environnement \u00e9galement. <\/li>\n\n\n\n<li><strong><em>FOCUS DERBY<\/em><\/strong> : Samedi prochain le Sud de la Chalosse va vibrer et \u00eatre en feu. <em>Amou Bonnegarde Nassiet <\/em>recevra les voisins <em>d&rsquo;Avenir Basket Chalosse<\/em> en R\u00e9gionale 1. Pour cette derni\u00e8re journ\u00e9e de la phase aller, le leader re\u00e7oit son dauphin. A cette occasion <strong>KEVIN LAUBIT<\/strong> (dirigeant) &amp; <strong>HUGO PAVIOT<\/strong> (joueur) c\u00f4t\u00e9 ABN &amp; <strong>THIERRY PEHAU<\/strong> (dirigeant) &amp; <strong>PIERRE LANUSSE<\/strong> (capitaine de l&rsquo;\u00e9quipe) c\u00f4t\u00e9 ABC r\u00e9pondront \u00e0 nos questions : derby, d\u00e9but de saison, coupes, on en cause avec nos 4 invit\u00e9s ! <\/li>\n\n\n\n<li><strong><em>FOCUS CLUB<\/em><\/strong> : Le club de <em>Biaudos Saint-Martin de Seignanx Basket<\/em> \u00e0 l&rsquo;honneur avec ses 2 co-pr\u00e9sidentes qui nous font le plaisir d&rsquo;\u00eatre pr\u00e9sentes : <strong>LEA POYU &amp; MARION BAYLET<\/strong>. La dynamique du club bleu et blanc, les ambitions, un 1er bilan \u00e0 mi-saison, les 2 ivit\u00e9es nous diront tout !<\/li>\n\n\n\n<li><strong><em>LE BASKET QUIZZ <\/em><\/strong><\/li>\n<\/ol>\n\n\n\n<p>Rendez vous donc ce lundi 5 janvier \u00e0 19h00 sur les ondes radio MdM (93.8 ou 101.1) ou sur leur site internet (https:\/\/www.radio-mdm.fr\/) <\/p>\n\n\n\n<figure class=\"wp-block-gallery has-nested-images columns-default is-cropped wp-block-gallery-1 is-layout-flex wp-block-gallery-is-layout-flex\">\n<figure class=\"wp-block-image size-large\"><img fetchpriority=\"high\" decoding=\"async\" width=\"1024\" height=\"1024\" data-id=\"4781\" src=\"https:\/\/www.landesbasketball.org\/wp-content\/uploads\/2026\/01\/44863-1024x1024.png\" alt=\"\" class=\"wp-image-4781\" srcset=\"https:\/\/www.landesbasketball.org\/wp-content\/uploads\/2026\/01\/44863-1024x1024.png 1024w, https:\/\/www.landesbasketball.org\/wp-content\/uploads\/2026\/01\/44863-300x300.png 300w, https:\/\/www.landesbasketball.org\/wp-content\/uploads\/2026\/01\/44863-150x150.png 150w, https:\/\/www.landesbasketball.org\/wp-content\/uploads\/2026\/01\/44863-768x768.png 768w, https:\/\/www.landesbasketball.org\/wp-content\/uploads\/2026\/01\/44863.png 1080w\" sizes=\"(max-width: 1024px) 100vw, 1024px\" \/><\/figure>\n\n\n\n<figure class=\"wp-block-image size-large\"><img decoding=\"async\" width=\"1024\" height=\"1024\" data-id=\"4782\" src=\"https:\/\/www.landesbasketball.org\/wp-content\/uploads\/2026\/01\/44864-1024x1024.png\" alt=\"\" class=\"wp-image-4782\" srcset=\"https:\/\/www.landesbasketball.org\/wp-content\/uploads\/2026\/01\/44864-1024x1024.png 1024w, https:\/\/www.landesbasketball.org\/wp-content\/uploads\/2026\/01\/44864-300x300.png 300w, https:\/\/www.landesbasketball.org\/wp-content\/uploads\/2026\/01\/44864-150x150.png 150w, https:\/\/www.landesbasketball.org\/wp-content\/uploads\/2026\/01\/44864-768x768.png 768w, https:\/\/www.landesbasketball.org\/wp-content\/uploads\/2026\/01\/44864.png 1080w\" sizes=\"(max-width: 1024px) 100vw, 1024px\" \/><\/figure>\n\n\n\n<figure class=\"wp-block-image size-large\"><img decoding=\"async\" width=\"1024\" height=\"1024\" data-id=\"4783\" src=\"https:\/\/www.landesbasketball.org\/wp-content\/uploads\/2026\/01\/44861-1024x1024.png\" alt=\"\" class=\"wp-image-4783\" srcset=\"https:\/\/www.landesbasketball.org\/wp-content\/uploads\/2026\/01\/44861-1024x1024.png 1024w, https:\/\/www.landesbasketball.org\/wp-content\/uploads\/2026\/01\/44861-300x300.png 300w, https:\/\/www.landesbasketball.org\/wp-content\/uploads\/2026\/01\/44861-150x150.png 150w, https:\/\/www.landesbasketball.org\/wp-content\/uploads\/2026\/01\/44861-768x768.png 768w, https:\/\/www.landesbasketball.org\/wp-content\/uploads\/2026\/01\/44861.png 1080w\" sizes=\"(max-width: 1024px) 100vw, 1024px\" \/><\/figure>\n\n\n\n<figure class=\"wp-block-image size-large\"><img loading=\"lazy\" decoding=\"async\" width=\"1024\" height=\"1024\" data-id=\"4784\" src=\"https:\/\/www.landesbasketball.org\/wp-content\/uploads\/2026\/01\/44862-1024x1024.png\" alt=\"\" class=\"wp-image-4784\" srcset=\"https:\/\/www.landesbasketball.org\/wp-content\/uploads\/2026\/01\/44862-1024x1024.png 1024w, https:\/\/www.landesbasketball.org\/wp-content\/uploads\/2026\/01\/44862-300x300.png 300w, https:\/\/www.landesbasketball.org\/wp-content\/uploads\/2026\/01\/44862-150x150.png 150w, https:\/\/www.landesbasketball.org\/wp-content\/uploads\/2026\/01\/44862-768x768.png 768w, https:\/\/www.landesbasketball.org\/wp-content\/uploads\/2026\/01\/44862.png 1080w\" sizes=\"(max-width: 1024px) 100vw, 1024px\" \/><\/figure>\n<\/figure>\n","protected":false},"excerpt":{"rendered":"<p>C&rsquo;est ce lundi 5 janvier en direct depuis les hauteurs de Banos d\u00e8s 19h00 sur radio MdM!Autour de Fran\u00e7ois D\u00e9part alios \u00ab\u00a0Jeanot\u00a0\u00bb (Radio MdM) et de Florian Lafargue (Comit\u00e9 des Landes) et tous leur invit\u00e9s, retrouvez l&rsquo;actualit\u00e9 du Basket Landais de 19h00 \u00e0 20h30 en direct sur les ondes de radio MdM chaque 1er lundi<a class=\"moretag\" href=\"https:\/\/www.landesbasketball.org\/index.php\/2026\/01\/06\/basket-club-40-saison-8-episode-4\/\"><span class=\"screen-reader-text\">En savoir plus surBASKET CLUB 40 &#8211; SAISON 8 &#8211; EPISODE 4<\/span>[&#8230;]<\/a><\/p>\n","protected":false},"author":4,"featured_media":4784,"comment_status":"closed","ping_status":"closed","sticky":false,"template":"","format":"standard","meta":{"footnotes":""},"categories":[1],"tags":[],"class_list":["post-4780","post","type-post","status-publish","format-standard","has-post-thumbnail","hentry","category-non-classe"],"_links":{"self":[{"href":"https:\/\/www.landesbasketball.org\/index.php\/wp-json\/wp\/v2\/posts\/4780","targetHints":{"allow":["GET"]}}],"collection":[{"href":"https:\/\/www.landesbasketball.org\/index.php\/wp-json\/wp\/v2\/posts"}],"about":[{"href":"https:\/\/www.landesbasketball.org\/index.php\/wp-json\/wp\/v2\/types\/post"}],"author":[{"embeddable":true,"href":"https:\/\/www.landesbasketball.org\/index.php\/wp-json\/wp\/v2\/users\/4"}],"replies":[{"embeddable":true,"href":"https:\/\/www.landesbasketball.org\/index.php\/wp-json\/wp\/v2\/comments?post=4780"}],"version-history":[{"count":3,"href":"https:\/\/www.landesbasketball.org\/index.php\/wp-json\/wp\/v2\/posts\/4780\/revisions"}],"predecessor-version":[{"id":4787,"href":"https:\/\/www.landesbasketball.org\/index.php\/wp-json\/wp\/v2\/posts\/4780\/revisions\/4787"}],"wp:featuredmedia":[{"embeddable":true,"href":"https:\/\/www.landesbasketball.org\/index.php\/wp-json\/wp\/v2\/media\/4784"}],"wp:attachment":[{"href":"https:\/\/www.landesbasketball.org\/index.php\/wp-json\/wp\/v2\/media?parent=4780"}],"wp:term":[{"taxonomy":"category","embeddable":true,"href":"https:\/\/www.landesbasketball.org\/index.php\/wp-json\/wp\/v2\/categories?post=4780"},{"taxonomy":"post_tag","embeddable":true,"href":"https:\/\/www.landesbasketball.org\/index.php\/wp-json\/wp\/v2\/tags?post=4780"}],"curies":[{"name":"wp","href":"https:\/\/api.w.org\/{rel}","templated":true}]}}