{"id":4800,"date":"2026-01-07T09:30:03","date_gmt":"2026-01-07T08:30:03","guid":{"rendered":"https:\/\/www.landesbasketball.org\/?p=4800"},"modified":"2026-01-07T13:50:59","modified_gmt":"2026-01-07T12:50:59","slug":"cdo-stage-de-mi-saison-arbitrage-a-3","status":"publish","type":"post","link":"https:\/\/www.landesbasketball.org\/index.php\/2026\/01\/07\/cdo-stage-de-mi-saison-arbitrage-a-3\/","title":{"rendered":"CDO &#8211; STAGE DE MI-SAISON + ARBITRAGE A 3"},"content":{"rendered":"\n<p>C&rsquo;\u00e9tait la reprise du c\u00f4t\u00e9  de nos officiels Landais et les arbitres de championnat de France \u00e9taient r\u00e9unis ce dimanche matin au CEBB pour leur stage de mi-saison.<\/p>\n\n\n\n<p><strong>Au programme : tests physiques et s\u00e9ances vid\u00e9os sur les contacts marginaux et les actions de tirs.<\/strong><\/p>\n\n\n\n<p>Nos Landais en ont profit\u00e9 pour rejoindre Mons\u00e9gur l&rsquo;apr\u00e8s-midi et travailler sur <strong><em>la m\u00e9canique d&rsquo;arbitrage \u00e0 3<\/em><\/strong>, en pr\u00e9vision des phases finales de notre ch\u00e8re Coupe des Landes, sur une rencontre amicale face \u00e0 Anglet.<\/p>\n\n\n\n<p>Un beau programme de d\u00e9but d&rsquo;ann\u00e9e pour bien lancer 2026 !<\/p>\n\n\n\n<figure class=\"wp-block-gallery has-nested-images columns-default is-cropped wp-block-gallery-1 is-layout-flex wp-block-gallery-is-layout-flex\">\n<figure class=\"wp-block-image size-large\"><img fetchpriority=\"high\" decoding=\"async\" width=\"1024\" height=\"1024\" data-id=\"4801\" src=\"https:\/\/www.landesbasketball.org\/wp-content\/uploads\/2026\/01\/44882-1024x1024.png\" alt=\"\" class=\"wp-image-4801\" srcset=\"https:\/\/www.landesbasketball.org\/wp-content\/uploads\/2026\/01\/44882-1024x1024.png 1024w, https:\/\/www.landesbasketball.org\/wp-content\/uploads\/2026\/01\/44882-300x300.png 300w, https:\/\/www.landesbasketball.org\/wp-content\/uploads\/2026\/01\/44882-150x150.png 150w, https:\/\/www.landesbasketball.org\/wp-content\/uploads\/2026\/01\/44882-768x768.png 768w, https:\/\/www.landesbasketball.org\/wp-content\/uploads\/2026\/01\/44882.png 1080w\" sizes=\"(max-width: 1024px) 100vw, 1024px\" \/><\/figure>\n\n\n\n<figure class=\"wp-block-image size-large\"><img decoding=\"async\" width=\"1024\" height=\"1024\" data-id=\"4802\" src=\"https:\/\/www.landesbasketball.org\/wp-content\/uploads\/2026\/01\/44883-1024x1024.png\" alt=\"\" class=\"wp-image-4802\" srcset=\"https:\/\/www.landesbasketball.org\/wp-content\/uploads\/2026\/01\/44883-1024x1024.png 1024w, https:\/\/www.landesbasketball.org\/wp-content\/uploads\/2026\/01\/44883-300x300.png 300w, https:\/\/www.landesbasketball.org\/wp-content\/uploads\/2026\/01\/44883-150x150.png 150w, https:\/\/www.landesbasketball.org\/wp-content\/uploads\/2026\/01\/44883-768x768.png 768w, https:\/\/www.landesbasketball.org\/wp-content\/uploads\/2026\/01\/44883.png 1080w\" sizes=\"(max-width: 1024px) 100vw, 1024px\" \/><\/figure>\n\n\n\n<figure class=\"wp-block-image size-large\"><img decoding=\"async\" width=\"1024\" height=\"1024\" data-id=\"4803\" src=\"https:\/\/www.landesbasketball.org\/wp-content\/uploads\/2026\/01\/44884-1024x1024.png\" alt=\"\" class=\"wp-image-4803\" srcset=\"https:\/\/www.landesbasketball.org\/wp-content\/uploads\/2026\/01\/44884-1024x1024.png 1024w, https:\/\/www.landesbasketball.org\/wp-content\/uploads\/2026\/01\/44884-300x300.png 300w, https:\/\/www.landesbasketball.org\/wp-content\/uploads\/2026\/01\/44884-150x150.png 150w, https:\/\/www.landesbasketball.org\/wp-content\/uploads\/2026\/01\/44884-768x768.png 768w, https:\/\/www.landesbasketball.org\/wp-content\/uploads\/2026\/01\/44884.png 1080w\" sizes=\"(max-width: 1024px) 100vw, 1024px\" \/><\/figure>\n<\/figure>\n\n\n\n<p><\/p>\n","protected":false},"excerpt":{"rendered":"<p>C&rsquo;\u00e9tait la reprise du c\u00f4t\u00e9 de nos officiels Landais et les arbitres de championnat de France \u00e9taient r\u00e9unis ce dimanche matin au CEBB pour leur stage de mi-saison. Au programme : tests physiques et s\u00e9ances vid\u00e9os sur les contacts marginaux et les actions de tirs. Nos Landais en ont profit\u00e9 pour rejoindre Mons\u00e9gur l&rsquo;apr\u00e8s-midi et<a class=\"moretag\" href=\"https:\/\/www.landesbasketball.org\/index.php\/2026\/01\/07\/cdo-stage-de-mi-saison-arbitrage-a-3\/\"><span class=\"screen-reader-text\">En savoir plus surCDO &#8211; STAGE DE MI-SAISON + ARBITRAGE A 3<\/span>[&#8230;]<\/a><\/p>\n","protected":false},"author":4,"featured_media":4803,"comment_status":"closed","ping_status":"closed","sticky":false,"template":"","format":"standard","meta":{"footnotes":""},"categories":[1],"tags":[],"class_list":["post-4800","post","type-post","status-publish","format-standard","has-post-thumbnail","hentry","category-non-classe"],"_links":{"self":[{"href":"https:\/\/www.landesbasketball.org\/index.php\/wp-json\/wp\/v2\/posts\/4800","targetHints":{"allow":["GET"]}}],"collection":[{"href":"https:\/\/www.landesbasketball.org\/index.php\/wp-json\/wp\/v2\/posts"}],"about":[{"href":"https:\/\/www.landesbasketball.org\/index.php\/wp-json\/wp\/v2\/types\/post"}],"author":[{"embeddable":true,"href":"https:\/\/www.landesbasketball.org\/index.php\/wp-json\/wp\/v2\/users\/4"}],"replies":[{"embeddable":true,"href":"https:\/\/www.landesbasketball.org\/index.php\/wp-json\/wp\/v2\/comments?post=4800"}],"version-history":[{"count":3,"href":"https:\/\/www.landesbasketball.org\/index.php\/wp-json\/wp\/v2\/posts\/4800\/revisions"}],"predecessor-version":[{"id":4807,"href":"https:\/\/www.landesbasketball.org\/index.php\/wp-json\/wp\/v2\/posts\/4800\/revisions\/4807"}],"wp:featuredmedia":[{"embeddable":true,"href":"https:\/\/www.landesbasketball.org\/index.php\/wp-json\/wp\/v2\/media\/4803"}],"wp:attachment":[{"href":"https:\/\/www.landesbasketball.org\/index.php\/wp-json\/wp\/v2\/media?parent=4800"}],"wp:term":[{"taxonomy":"category","embeddable":true,"href":"https:\/\/www.landesbasketball.org\/index.php\/wp-json\/wp\/v2\/categories?post=4800"},{"taxonomy":"post_tag","embeddable":true,"href":"https:\/\/www.landesbasketball.org\/index.php\/wp-json\/wp\/v2\/tags?post=4800"}],"curies":[{"name":"wp","href":"https:\/\/api.w.org\/{rel}","templated":true}]}}