{"id":4817,"date":"2026-01-09T10:03:21","date_gmt":"2026-01-09T09:03:21","guid":{"rendered":"https:\/\/www.landesbasketball.org\/?p=4817"},"modified":"2026-01-09T10:03:21","modified_gmt":"2026-01-09T09:03:21","slug":"panier-dor-2026","status":"publish","type":"post","link":"https:\/\/www.landesbasketball.org\/index.php\/2026\/01\/09\/panier-dor-2026\/","title":{"rendered":"PANIER D&rsquo;OR 2026"},"content":{"rendered":"\n<p>J-3 avant le lancement de cette nouvelle \u00e9dition en partenariat avec l&rsquo;USEP des Landes.<\/p>\n\n\n\n<p>Le Panier d&rsquo;Or d\u00e9marrera ce lundi 12 janvier jusqu&rsquo;au jeudi 26 f\u00e9vrier.<br>Plus de 2800 jeunes basketteuses et basketteurs qui participeront durant cette p\u00e9riode aux diff\u00e9rents ateliers dans la joie et la bonne humeur ! <\/p>\n\n\n\n<p>Revivez en images l&rsquo;\u00e9dition 2025 de ce Panier d&rsquo;Or. <\/p>\n\n\n\n<figure class=\"wp-block-gallery has-nested-images columns-default is-cropped wp-block-gallery-1 is-layout-flex wp-block-gallery-is-layout-flex\">\n<figure class=\"wp-block-image size-large\"><img fetchpriority=\"high\" decoding=\"async\" width=\"1024\" height=\"1024\" data-id=\"4818\" src=\"https:\/\/www.landesbasketball.org\/wp-content\/uploads\/2026\/01\/44894-1024x1024.png\" alt=\"\" class=\"wp-image-4818\" srcset=\"https:\/\/www.landesbasketball.org\/wp-content\/uploads\/2026\/01\/44894-1024x1024.png 1024w, https:\/\/www.landesbasketball.org\/wp-content\/uploads\/2026\/01\/44894-300x300.png 300w, https:\/\/www.landesbasketball.org\/wp-content\/uploads\/2026\/01\/44894-150x150.png 150w, https:\/\/www.landesbasketball.org\/wp-content\/uploads\/2026\/01\/44894-768x768.png 768w, https:\/\/www.landesbasketball.org\/wp-content\/uploads\/2026\/01\/44894.png 1080w\" sizes=\"(max-width: 1024px) 100vw, 1024px\" \/><\/figure>\n\n\n\n<figure class=\"wp-block-image size-large\"><img decoding=\"async\" width=\"1024\" height=\"1024\" data-id=\"4819\" src=\"https:\/\/www.landesbasketball.org\/wp-content\/uploads\/2026\/01\/44895-1024x1024.png\" alt=\"\" class=\"wp-image-4819\" srcset=\"https:\/\/www.landesbasketball.org\/wp-content\/uploads\/2026\/01\/44895-1024x1024.png 1024w, https:\/\/www.landesbasketball.org\/wp-content\/uploads\/2026\/01\/44895-300x300.png 300w, https:\/\/www.landesbasketball.org\/wp-content\/uploads\/2026\/01\/44895-150x150.png 150w, https:\/\/www.landesbasketball.org\/wp-content\/uploads\/2026\/01\/44895-768x768.png 768w, https:\/\/www.landesbasketball.org\/wp-content\/uploads\/2026\/01\/44895.png 1080w\" sizes=\"(max-width: 1024px) 100vw, 1024px\" \/><\/figure>\n<\/figure>\n","protected":false},"excerpt":{"rendered":"<p>J-3 avant le lancement de cette nouvelle \u00e9dition en partenariat avec l&rsquo;USEP des Landes. Le Panier d&rsquo;Or d\u00e9marrera ce lundi 12 janvier jusqu&rsquo;au jeudi 26 f\u00e9vrier.Plus de 2800 jeunes basketteuses et basketteurs qui participeront durant cette p\u00e9riode aux diff\u00e9rents ateliers dans la joie et la bonne humeur ! Revivez en images l&rsquo;\u00e9dition 2025 de ce<a class=\"moretag\" href=\"https:\/\/www.landesbasketball.org\/index.php\/2026\/01\/09\/panier-dor-2026\/\"><span class=\"screen-reader-text\">En savoir plus surPANIER D&rsquo;OR 2026<\/span>[&#8230;]<\/a><\/p>\n","protected":false},"author":4,"featured_media":4818,"comment_status":"closed","ping_status":"closed","sticky":false,"template":"","format":"standard","meta":{"footnotes":""},"categories":[1],"tags":[],"class_list":["post-4817","post","type-post","status-publish","format-standard","has-post-thumbnail","hentry","category-non-classe"],"_links":{"self":[{"href":"https:\/\/www.landesbasketball.org\/index.php\/wp-json\/wp\/v2\/posts\/4817","targetHints":{"allow":["GET"]}}],"collection":[{"href":"https:\/\/www.landesbasketball.org\/index.php\/wp-json\/wp\/v2\/posts"}],"about":[{"href":"https:\/\/www.landesbasketball.org\/index.php\/wp-json\/wp\/v2\/types\/post"}],"author":[{"embeddable":true,"href":"https:\/\/www.landesbasketball.org\/index.php\/wp-json\/wp\/v2\/users\/4"}],"replies":[{"embeddable":true,"href":"https:\/\/www.landesbasketball.org\/index.php\/wp-json\/wp\/v2\/comments?post=4817"}],"version-history":[{"count":1,"href":"https:\/\/www.landesbasketball.org\/index.php\/wp-json\/wp\/v2\/posts\/4817\/revisions"}],"predecessor-version":[{"id":4820,"href":"https:\/\/www.landesbasketball.org\/index.php\/wp-json\/wp\/v2\/posts\/4817\/revisions\/4820"}],"wp:featuredmedia":[{"embeddable":true,"href":"https:\/\/www.landesbasketball.org\/index.php\/wp-json\/wp\/v2\/media\/4818"}],"wp:attachment":[{"href":"https:\/\/www.landesbasketball.org\/index.php\/wp-json\/wp\/v2\/media?parent=4817"}],"wp:term":[{"taxonomy":"category","embeddable":true,"href":"https:\/\/www.landesbasketball.org\/index.php\/wp-json\/wp\/v2\/categories?post=4817"},{"taxonomy":"post_tag","embeddable":true,"href":"https:\/\/www.landesbasketball.org\/index.php\/wp-json\/wp\/v2\/tags?post=4817"}],"curies":[{"name":"wp","href":"https:\/\/api.w.org\/{rel}","templated":true}]}}