{"id":4845,"date":"2026-01-19T17:52:13","date_gmt":"2026-01-19T16:52:13","guid":{"rendered":"https:\/\/www.landesbasketball.org\/?p=4845"},"modified":"2026-01-19T17:52:13","modified_gmt":"2026-01-19T16:52:13","slug":"depart-a-la-retraite-pour-fabienne","status":"publish","type":"post","link":"https:\/\/www.landesbasketball.org\/index.php\/2026\/01\/19\/depart-a-la-retraite-pour-fabienne\/","title":{"rendered":"DEPART A LA RETRAITE POUR FABIENNE"},"content":{"rendered":"\n<p>Apr\u00e8s 43 ans au Comit\u00e9 des Landes de Basket, <strong>FABIENNE DULIN<\/strong> a quitt\u00e9 ses fonctions le mardi 23 d\u00e9cembre pour profiter pleinement de sa retraite bien m\u00e9rit\u00e9e.<\/p>\n\n\n\n<p>Arriv\u00e9e en 1982, Fabienne aura tout connu. Des d\u00e9buts au Caf\u00e9 du Fronton en passant par le quai Silguy et derni\u00e8rement \u00e0 la maison du Bakset Landais, Fabienne symbolise parfaitement l&rsquo;\u00e9volution qu&rsquo;a connu la balle orange dans notre d\u00e9partement. Au service de l&rsquo;ensemble des clubs, elle aura oeuvr\u00e9 en tant que secr\u00e9taire administrative.<\/p>\n\n\n\n<p><em>Le comit\u00e9 tient \u00e0 saluerle professionalisme dont elle a fait preuve tout au long de sa carri\u00e8re et la remercie chaleureusement pour cette fid\u00e9lit\u00e9 ! <\/em><\/p>\n\n\n\n<p>Fabienne ne quitte pas d\u00e9finitivement les salles Landaises car elle gardera ses fonctions de b\u00e9n\u00e9voles au sein de la comission Salles &amp; Terrains et de la Commission des Coupes.<\/p>\n\n\n\n<p><strong><em>Fabienne, le Basket Landais te souhaite le meilleur pour la suite ! <\/em><\/strong><\/p>\n\n\n\n<p><strong>Bonne retraite Fabienne.<\/strong><\/p>\n\n\n\n<figure class=\"wp-block-gallery has-nested-images columns-default is-cropped wp-block-gallery-1 is-layout-flex wp-block-gallery-is-layout-flex\">\n<figure class=\"wp-block-image size-large\"><img fetchpriority=\"high\" decoding=\"async\" width=\"1024\" height=\"1024\" data-id=\"4857\" src=\"https:\/\/www.landesbasketball.org\/wp-content\/uploads\/2026\/01\/44981-1024x1024.png\" alt=\"\" class=\"wp-image-4857\" srcset=\"https:\/\/www.landesbasketball.org\/wp-content\/uploads\/2026\/01\/44981-1024x1024.png 1024w, https:\/\/www.landesbasketball.org\/wp-content\/uploads\/2026\/01\/44981-300x300.png 300w, https:\/\/www.landesbasketball.org\/wp-content\/uploads\/2026\/01\/44981-150x150.png 150w, https:\/\/www.landesbasketball.org\/wp-content\/uploads\/2026\/01\/44981-768x768.png 768w, https:\/\/www.landesbasketball.org\/wp-content\/uploads\/2026\/01\/44981.png 1080w\" sizes=\"(max-width: 1024px) 100vw, 1024px\" \/><\/figure>\n<\/figure>\n","protected":false},"excerpt":{"rendered":"<p>Apr\u00e8s 43 ans au Comit\u00e9 des Landes de Basket, FABIENNE DULIN a quitt\u00e9 ses fonctions le mardi 23 d\u00e9cembre pour profiter pleinement de sa retraite bien m\u00e9rit\u00e9e. Arriv\u00e9e en 1982, Fabienne aura tout connu. Des d\u00e9buts au Caf\u00e9 du Fronton en passant par le quai Silguy et derni\u00e8rement \u00e0 la maison du Bakset Landais, Fabienne<a class=\"moretag\" href=\"https:\/\/www.landesbasketball.org\/index.php\/2026\/01\/19\/depart-a-la-retraite-pour-fabienne\/\"><span class=\"screen-reader-text\">En savoir plus surDEPART A LA RETRAITE POUR FABIENNE<\/span>[&#8230;]<\/a><\/p>\n","protected":false},"author":4,"featured_media":4857,"comment_status":"closed","ping_status":"closed","sticky":false,"template":"","format":"standard","meta":{"footnotes":""},"categories":[1],"tags":[],"class_list":["post-4845","post","type-post","status-publish","format-standard","has-post-thumbnail","hentry","category-non-classe"],"_links":{"self":[{"href":"https:\/\/www.landesbasketball.org\/index.php\/wp-json\/wp\/v2\/posts\/4845","targetHints":{"allow":["GET"]}}],"collection":[{"href":"https:\/\/www.landesbasketball.org\/index.php\/wp-json\/wp\/v2\/posts"}],"about":[{"href":"https:\/\/www.landesbasketball.org\/index.php\/wp-json\/wp\/v2\/types\/post"}],"author":[{"embeddable":true,"href":"https:\/\/www.landesbasketball.org\/index.php\/wp-json\/wp\/v2\/users\/4"}],"replies":[{"embeddable":true,"href":"https:\/\/www.landesbasketball.org\/index.php\/wp-json\/wp\/v2\/comments?post=4845"}],"version-history":[{"count":2,"href":"https:\/\/www.landesbasketball.org\/index.php\/wp-json\/wp\/v2\/posts\/4845\/revisions"}],"predecessor-version":[{"id":4858,"href":"https:\/\/www.landesbasketball.org\/index.php\/wp-json\/wp\/v2\/posts\/4845\/revisions\/4858"}],"wp:featuredmedia":[{"embeddable":true,"href":"https:\/\/www.landesbasketball.org\/index.php\/wp-json\/wp\/v2\/media\/4857"}],"wp:attachment":[{"href":"https:\/\/www.landesbasketball.org\/index.php\/wp-json\/wp\/v2\/media?parent=4845"}],"wp:term":[{"taxonomy":"category","embeddable":true,"href":"https:\/\/www.landesbasketball.org\/index.php\/wp-json\/wp\/v2\/categories?post=4845"},{"taxonomy":"post_tag","embeddable":true,"href":"https:\/\/www.landesbasketball.org\/index.php\/wp-json\/wp\/v2\/tags?post=4845"}],"curies":[{"name":"wp","href":"https:\/\/api.w.org\/{rel}","templated":true}]}}