{"id":4849,"date":"2026-01-19T17:54:47","date_gmt":"2026-01-19T16:54:47","guid":{"rendered":"https:\/\/www.landesbasketball.org\/?p=4849"},"modified":"2026-01-19T17:54:47","modified_gmt":"2026-01-19T16:54:47","slug":"clin-doeil-expatlandais-elle-est-de-retour-sur-les-parquets-de-ligue-2-feminine","status":"publish","type":"post","link":"https:\/\/www.landesbasketball.org\/index.php\/2026\/01\/19\/clin-doeil-expatlandais-elle-est-de-retour-sur-les-parquets-de-ligue-2-feminine\/","title":{"rendered":"CLIN D&rsquo;OEIL EXPAT&rsquo;LANDAIS &#8211; ELLE EST DE RETOUR SUR LES PARQUETS DE LIGUE 2 FEMININE"},"content":{"rendered":"\n<p>Apr\u00e8s une grave blessure (ligaments crois\u00e9s, ligaments internes, m\u00e9nisque) survenue au d\u00e9but du printemps, <strong>CELIA CARDENAL <\/strong>(G\u00e9n\u00e9ration 2002 &#8211; form\u00e9e au R\u00e9al Chalossais &amp; \u00e0 Basket Landes) \u00e0 fait son retour le week-end dernier avec son \u00e9quipe de La Tronche Meylan Basket.<\/p>\n\n\n\n<p>Et quel retour ! Avec la victoire sur le parquet de Mondeville 79-70, la jeune Landaise n&rsquo;a pas ch\u00f4m\u00e9 pour son match de reprise : <strong>10 pts \/ 7 pds \/ 4 rbds \/ 12 d&rsquo;\u00e9val en 25 min.<\/strong><\/p>\n\n\n\n<p>Actuellement, l&rsquo;\u00e9quipe de La Tronche Meylan est 3\u00e8me de sa poule \u00e0 2 pts de la 1\u00e8re place et 1 pt de la 2\u00e8me place ! <\/p>\n\n\n\n<p><strong><em>SUERTE CELIA, Le Basket Landais te souhaite une excellente 2\u00e8me partie de saison avec ton \u00e9quipe et pouquoi pas une mont\u00e9e en Boulang\u00e8re Wonderligue !<\/em><\/strong><\/p>\n\n\n\n<figure class=\"wp-block-gallery has-nested-images columns-default is-cropped wp-block-gallery-1 is-layout-flex wp-block-gallery-is-layout-flex\">\n<figure class=\"wp-block-image size-large\"><img fetchpriority=\"high\" decoding=\"async\" width=\"1024\" height=\"1024\" data-id=\"4862\" src=\"https:\/\/www.landesbasketball.org\/wp-content\/uploads\/2026\/01\/44980-1024x1024.png\" alt=\"\" class=\"wp-image-4862\" srcset=\"https:\/\/www.landesbasketball.org\/wp-content\/uploads\/2026\/01\/44980-1024x1024.png 1024w, https:\/\/www.landesbasketball.org\/wp-content\/uploads\/2026\/01\/44980-300x300.png 300w, https:\/\/www.landesbasketball.org\/wp-content\/uploads\/2026\/01\/44980-150x150.png 150w, https:\/\/www.landesbasketball.org\/wp-content\/uploads\/2026\/01\/44980-768x768.png 768w, https:\/\/www.landesbasketball.org\/wp-content\/uploads\/2026\/01\/44980.png 1080w\" sizes=\"(max-width: 1024px) 100vw, 1024px\" \/><\/figure>\n\n\n\n<figure class=\"wp-block-image size-large\"><img decoding=\"async\" width=\"1024\" height=\"1024\" data-id=\"4861\" src=\"https:\/\/www.landesbasketball.org\/wp-content\/uploads\/2026\/01\/44979-1024x1024.png\" alt=\"\" class=\"wp-image-4861\" srcset=\"https:\/\/www.landesbasketball.org\/wp-content\/uploads\/2026\/01\/44979-1024x1024.png 1024w, https:\/\/www.landesbasketball.org\/wp-content\/uploads\/2026\/01\/44979-300x300.png 300w, https:\/\/www.landesbasketball.org\/wp-content\/uploads\/2026\/01\/44979-150x150.png 150w, https:\/\/www.landesbasketball.org\/wp-content\/uploads\/2026\/01\/44979-768x768.png 768w, https:\/\/www.landesbasketball.org\/wp-content\/uploads\/2026\/01\/44979.png 1080w\" sizes=\"(max-width: 1024px) 100vw, 1024px\" \/><\/figure>\n<\/figure>\n","protected":false},"excerpt":{"rendered":"<p>Apr\u00e8s une grave blessure (ligaments crois\u00e9s, ligaments internes, m\u00e9nisque) survenue au d\u00e9but du printemps, CELIA CARDENAL (G\u00e9n\u00e9ration 2002 &#8211; form\u00e9e au R\u00e9al Chalossais &amp; \u00e0 Basket Landes) \u00e0 fait son retour le week-end dernier avec son \u00e9quipe de La Tronche Meylan Basket. Et quel retour ! Avec la victoire sur le parquet de Mondeville 79-70,<a class=\"moretag\" href=\"https:\/\/www.landesbasketball.org\/index.php\/2026\/01\/19\/clin-doeil-expatlandais-elle-est-de-retour-sur-les-parquets-de-ligue-2-feminine\/\"><span class=\"screen-reader-text\">En savoir plus surCLIN D&rsquo;OEIL EXPAT&rsquo;LANDAIS &#8211; ELLE EST DE RETOUR SUR LES PARQUETS DE LIGUE 2 FEMININE<\/span>[&#8230;]<\/a><\/p>\n","protected":false},"author":4,"featured_media":4862,"comment_status":"closed","ping_status":"closed","sticky":false,"template":"","format":"standard","meta":{"footnotes":""},"categories":[1],"tags":[],"class_list":["post-4849","post","type-post","status-publish","format-standard","has-post-thumbnail","hentry","category-non-classe"],"_links":{"self":[{"href":"https:\/\/www.landesbasketball.org\/index.php\/wp-json\/wp\/v2\/posts\/4849","targetHints":{"allow":["GET"]}}],"collection":[{"href":"https:\/\/www.landesbasketball.org\/index.php\/wp-json\/wp\/v2\/posts"}],"about":[{"href":"https:\/\/www.landesbasketball.org\/index.php\/wp-json\/wp\/v2\/types\/post"}],"author":[{"embeddable":true,"href":"https:\/\/www.landesbasketball.org\/index.php\/wp-json\/wp\/v2\/users\/4"}],"replies":[{"embeddable":true,"href":"https:\/\/www.landesbasketball.org\/index.php\/wp-json\/wp\/v2\/comments?post=4849"}],"version-history":[{"count":2,"href":"https:\/\/www.landesbasketball.org\/index.php\/wp-json\/wp\/v2\/posts\/4849\/revisions"}],"predecessor-version":[{"id":4863,"href":"https:\/\/www.landesbasketball.org\/index.php\/wp-json\/wp\/v2\/posts\/4849\/revisions\/4863"}],"wp:featuredmedia":[{"embeddable":true,"href":"https:\/\/www.landesbasketball.org\/index.php\/wp-json\/wp\/v2\/media\/4862"}],"wp:attachment":[{"href":"https:\/\/www.landesbasketball.org\/index.php\/wp-json\/wp\/v2\/media?parent=4849"}],"wp:term":[{"taxonomy":"category","embeddable":true,"href":"https:\/\/www.landesbasketball.org\/index.php\/wp-json\/wp\/v2\/categories?post=4849"},{"taxonomy":"post_tag","embeddable":true,"href":"https:\/\/www.landesbasketball.org\/index.php\/wp-json\/wp\/v2\/tags?post=4849"}],"curies":[{"name":"wp","href":"https:\/\/api.w.org\/{rel}","templated":true}]}}